{"id":43895,"date":"2025-03-21T14:04:04","date_gmt":"2025-03-21T13:04:04","guid":{"rendered":"https:\/\/hmtm.de\/austausch-mit-dem-instituto-superior-de-arte-in-kuba\/"},"modified":"2025-04-02T12:16:06","modified_gmt":"2025-04-02T10:16:06","slug":"exchange-programme-with-the-instituto-superior-de-arte-in-cuba","status":"publish","type":"post","link":"https:\/\/hmtm.de\/en\/exchange-programme-with-the-instituto-superior-de-arte-in-cuba\/","title":{"rendered":"Exchange programme with the Instituto Superior de Arte in Cuba"},"content":{"rendered":"","protected":false},"excerpt":{"rendered":"<p>In February 2025, the University of Music and Theatre Munich (HMTM) and the Instituto Superior de Arte (ISA) in Havana, Cuba, signed a memorandum of understanding. The aim of this agreement between the universities is to strengthen and promote ways of cooperation and exchange between the universities. Prof. h.c. Martin Zenker was responsible for preparing the memorandum. The document was signed by the president of the University of Music and Theatre Munich, Prof. Lydia Gr\u00fcn, and the director of ISA, Rolando Valent\u00edn Ortega \u00c1lvarez.<\/p>\n","protected":false},"author":19,"featured_media":43675,"comment_status":"closed","ping_status":"closed","sticky":false,"template":"","format":"standard","meta":{"_acf_changed":false,"footnotes":""},"categories":[199],"tags":[],"class_list":["post-43895","post","type-post","status-publish","format-standard","has-post-thumbnail","hentry","category-about-us"],"acf":[],"yoast_head":"<!-- This site is optimized with the Yoast SEO plugin v27.4 - https:\/\/yoast.com\/product\/yoast-seo-wordpress\/ -->\n<title>Exchange programme with the Instituto Superior de Arte in Cuba - HMTM<\/title>\n<meta name=\"robots\" content=\"index, follow, max-snippet:-1, max-image-preview:large, max-video-preview:-1\" \/>\n<link rel=\"canonical\" href=\"https:\/\/hmtm.de\/en\/exchange-programme-with-the-instituto-superior-de-arte-in-cuba\/\" \/>\n<meta property=\"og:locale\" content=\"en_GB\" \/>\n<meta property=\"og:type\" content=\"article\" \/>\n<meta property=\"og:title\" content=\"Exchange programme with the Instituto Superior de Arte in Cuba - HMTM\" \/>\n<meta property=\"og:description\" content=\"In February 2025, the University of Music and Theatre Munich (HMTM) and the Instituto Superior de Arte (ISA) in Havana, Cuba, signed a memorandum of understanding. The aim of this agreement between the universities is to strengthen and promote ways of cooperation and exchange between the universities. Prof. h.c. Martin Zenker was responsible for preparing the memorandum. The document was signed by the president of the University of Music and Theatre Munich, Prof. Lydia Gr\u00fcn, and the director of ISA, Rolando Valent\u00edn Ortega \u00c1lvarez.\" \/>\n<meta property=\"og:url\" content=\"https:\/\/hmtm.de\/en\/exchange-programme-with-the-instituto-superior-de-arte-in-cuba\/\" \/>\n<meta property=\"og:site_name\" content=\"HMTM\" \/>\n<meta property=\"article:publisher\" content=\"https:\/\/www.facebook.com\/Hochschule-fr-Musik-und-Theater-Mnchen-310270902396373\/\" \/>\n<meta property=\"article:published_time\" content=\"2025-03-21T13:04:04+00:00\" \/>\n<meta property=\"article:modified_time\" content=\"2025-04-02T10:16:06+00:00\" \/>\n<meta property=\"og:image\" content=\"https:\/\/hmtm.de\/wp-content\/uploads\/bilder\/meldungen\/MuO-mit-Kuba_ISA-4_c_Mayra-Sanchez.jpeg\" \/>\n\t<meta property=\"og:image:width\" content=\"975\" \/>\n\t<meta property=\"og:image:height\" content=\"650\" \/>\n\t<meta property=\"og:image:type\" content=\"image\/jpeg\" \/>\n<meta name=\"author\" content=\"Nadine Gerold\" \/>\n<meta name=\"twitter:card\" content=\"summary_large_image\" \/>\n<meta name=\"twitter:label1\" content=\"Written by\" \/>\n\t<meta name=\"twitter:data1\" content=\"Nadine Gerold\" \/>\n\t<meta name=\"twitter:label2\" content=\"Estimated reading time\" \/>\n\t<meta name=\"twitter:data2\" content=\"1 minute\" \/>\n<script type=\"application\/ld+json\" class=\"yoast-schema-graph\">{\"@context\":\"https:\\\/\\\/schema.org\",\"@graph\":[{\"@type\":\"Article\",\"@id\":\"https:\\\/\\\/hmtm.de\\\/en\\\/exchange-programme-with-the-instituto-superior-de-arte-in-cuba\\\/#article\",\"isPartOf\":{\"@id\":\"https:\\\/\\\/hmtm.de\\\/en\\\/exchange-programme-with-the-instituto-superior-de-arte-in-cuba\\\/\"},\"author\":{\"name\":\"Nadine Gerold\",\"@id\":\"https:\\\/\\\/hmtm.de\\\/#\\\/schema\\\/person\\\/49738781f875d62373e582f929b80d7b\"},\"headline\":\"Exchange programme with the Instituto Superior de Arte in Cuba\",\"datePublished\":\"2025-03-21T13:04:04+00:00\",\"dateModified\":\"2025-04-02T10:16:06+00:00\",\"mainEntityOfPage\":{\"@id\":\"https:\\\/\\\/hmtm.de\\\/en\\\/exchange-programme-with-the-instituto-superior-de-arte-in-cuba\\\/\"},\"wordCount\":10,\"publisher\":{\"@id\":\"https:\\\/\\\/hmtm.de\\\/#organization\"},\"image\":{\"@id\":\"https:\\\/\\\/hmtm.de\\\/en\\\/exchange-programme-with-the-instituto-superior-de-arte-in-cuba\\\/#primaryimage\"},\"thumbnailUrl\":\"https:\\\/\\\/hmtm.de\\\/wp-content\\\/uploads\\\/bilder\\\/meldungen\\\/MuO-mit-Kuba_ISA-4_c_Mayra-Sanchez.jpeg\",\"articleSection\":[\"About us\"],\"inLanguage\":\"en-GB\"},{\"@type\":\"WebPage\",\"@id\":\"https:\\\/\\\/hmtm.de\\\/en\\\/exchange-programme-with-the-instituto-superior-de-arte-in-cuba\\\/\",\"url\":\"https:\\\/\\\/hmtm.de\\\/en\\\/exchange-programme-with-the-instituto-superior-de-arte-in-cuba\\\/\",\"name\":\"Exchange programme with the Instituto Superior de Arte in Cuba - HMTM\",\"isPartOf\":{\"@id\":\"https:\\\/\\\/hmtm.de\\\/#website\"},\"primaryImageOfPage\":{\"@id\":\"https:\\\/\\\/hmtm.de\\\/en\\\/exchange-programme-with-the-instituto-superior-de-arte-in-cuba\\\/#primaryimage\"},\"image\":{\"@id\":\"https:\\\/\\\/hmtm.de\\\/en\\\/exchange-programme-with-the-instituto-superior-de-arte-in-cuba\\\/#primaryimage\"},\"thumbnailUrl\":\"https:\\\/\\\/hmtm.de\\\/wp-content\\\/uploads\\\/bilder\\\/meldungen\\\/MuO-mit-Kuba_ISA-4_c_Mayra-Sanchez.jpeg\",\"datePublished\":\"2025-03-21T13:04:04+00:00\",\"dateModified\":\"2025-04-02T10:16:06+00:00\",\"breadcrumb\":{\"@id\":\"https:\\\/\\\/hmtm.de\\\/en\\\/exchange-programme-with-the-instituto-superior-de-arte-in-cuba\\\/#breadcrumb\"},\"inLanguage\":\"en-GB\",\"potentialAction\":[{\"@type\":\"ReadAction\",\"target\":[\"https:\\\/\\\/hmtm.de\\\/en\\\/exchange-programme-with-the-instituto-superior-de-arte-in-cuba\\\/\"]}]},{\"@type\":\"ImageObject\",\"inLanguage\":\"en-GB\",\"@id\":\"https:\\\/\\\/hmtm.de\\\/en\\\/exchange-programme-with-the-instituto-superior-de-arte-in-cuba\\\/#primaryimage\",\"url\":\"https:\\\/\\\/hmtm.de\\\/wp-content\\\/uploads\\\/bilder\\\/meldungen\\\/MuO-mit-Kuba_ISA-4_c_Mayra-Sanchez.jpeg\",\"contentUrl\":\"https:\\\/\\\/hmtm.de\\\/wp-content\\\/uploads\\\/bilder\\\/meldungen\\\/MuO-mit-Kuba_ISA-4_c_Mayra-Sanchez.jpeg\",\"width\":975,\"height\":650,\"caption\":\"Foto: Mayra Sanchez\"},{\"@type\":\"BreadcrumbList\",\"@id\":\"https:\\\/\\\/hmtm.de\\\/en\\\/exchange-programme-with-the-instituto-superior-de-arte-in-cuba\\\/#breadcrumb\",\"itemListElement\":[{\"@type\":\"ListItem\",\"position\":1,\"name\":\"Startseite\",\"item\":\"https:\\\/\\\/hmtm.de\\\/en\\\/\"},{\"@type\":\"ListItem\",\"position\":2,\"name\":\"Exchange programme with the Instituto Superior de Arte in Cuba\"}]},{\"@type\":\"WebSite\",\"@id\":\"https:\\\/\\\/hmtm.de\\\/#website\",\"url\":\"https:\\\/\\\/hmtm.de\\\/\",\"name\":\"HMTM\",\"description\":\"Hochschule f\u00fcr Musik und Theater M\u00fcnchen\",\"publisher\":{\"@id\":\"https:\\\/\\\/hmtm.de\\\/#organization\"},\"potentialAction\":[{\"@type\":\"SearchAction\",\"target\":{\"@type\":\"EntryPoint\",\"urlTemplate\":\"https:\\\/\\\/hmtm.de\\\/?s={search_term_string}\"},\"query-input\":{\"@type\":\"PropertyValueSpecification\",\"valueRequired\":true,\"valueName\":\"search_term_string\"}}],\"inLanguage\":\"en-GB\"},{\"@type\":\"Organization\",\"@id\":\"https:\\\/\\\/hmtm.de\\\/#organization\",\"name\":\"Hochschule f\u00fcr Musik und Theater M\u00fcnchen\",\"url\":\"https:\\\/\\\/hmtm.de\\\/\",\"logo\":{\"@type\":\"ImageObject\",\"inLanguage\":\"en-GB\",\"@id\":\"https:\\\/\\\/hmtm.de\\\/#\\\/schema\\\/logo\\\/image\\\/\",\"url\":\"https:\\\/\\\/hmtm.de\\\/wp-content\\\/uploads\\\/logos\\\/hmtm_logo.svg\",\"contentUrl\":\"https:\\\/\\\/hmtm.de\\\/wp-content\\\/uploads\\\/logos\\\/hmtm_logo.svg\",\"caption\":\"Hochschule f\u00fcr Musik und Theater M\u00fcnchen\"},\"image\":{\"@id\":\"https:\\\/\\\/hmtm.de\\\/#\\\/schema\\\/logo\\\/image\\\/\"},\"sameAs\":[\"https:\\\/\\\/www.facebook.com\\\/Hochschule-fr-Musik-und-Theater-Mnchen-310270902396373\\\/\",\"https:\\\/\\\/www.youtube.com\\\/channel\\\/UCruQL0dtip2Y6-x9XM8S_cA\\\/\",\"https:\\\/\\\/de.linkedin.com\\\/school\\\/hochschule-f-r-musik-und-theater-m-nchen\\\/\",\"https:\\\/\\\/www.xing.com\\\/pages\\\/hochschulefuermusikundtheatermuenchen\",\"https:\\\/\\\/www.instagram.com\\\/hmtm_offiziell\\\/\"]},{\"@type\":\"Person\",\"@id\":\"https:\\\/\\\/hmtm.de\\\/#\\\/schema\\\/person\\\/49738781f875d62373e582f929b80d7b\",\"name\":\"Nadine Gerold\"}]}<\/script>\n<!-- \/ Yoast SEO plugin. -->","yoast_head_json":{"title":"Exchange programme with the Instituto Superior de Arte in Cuba - HMTM","robots":{"index":"index","follow":"follow","max-snippet":"max-snippet:-1","max-image-preview":"max-image-preview:large","max-video-preview":"max-video-preview:-1"},"canonical":"https:\/\/hmtm.de\/en\/exchange-programme-with-the-instituto-superior-de-arte-in-cuba\/","og_locale":"en_GB","og_type":"article","og_title":"Exchange programme with the Instituto Superior de Arte in Cuba - HMTM","og_description":"In February 2025, the University of Music and Theatre Munich (HMTM) and the Instituto Superior de Arte (ISA) in Havana, Cuba, signed a memorandum of understanding. The aim of this agreement between the universities is to strengthen and promote ways of cooperation and exchange between the universities. Prof. h.c. Martin Zenker was responsible for preparing the memorandum. The document was signed by the president of the University of Music and Theatre Munich, Prof. Lydia Gr\u00fcn, and the director of ISA, Rolando Valent\u00edn Ortega \u00c1lvarez.","og_url":"https:\/\/hmtm.de\/en\/exchange-programme-with-the-instituto-superior-de-arte-in-cuba\/","og_site_name":"HMTM","article_publisher":"https:\/\/www.facebook.com\/Hochschule-fr-Musik-und-Theater-Mnchen-310270902396373\/","article_published_time":"2025-03-21T13:04:04+00:00","article_modified_time":"2025-04-02T10:16:06+00:00","og_image":[{"width":975,"height":650,"url":"https:\/\/hmtm.de\/wp-content\/uploads\/bilder\/meldungen\/MuO-mit-Kuba_ISA-4_c_Mayra-Sanchez.jpeg","type":"image\/jpeg"}],"author":"Nadine Gerold","twitter_card":"summary_large_image","twitter_misc":{"Written by":"Nadine Gerold","Estimated reading time":"1 minute"},"schema":{"@context":"https:\/\/schema.org","@graph":[{"@type":"Article","@id":"https:\/\/hmtm.de\/en\/exchange-programme-with-the-instituto-superior-de-arte-in-cuba\/#article","isPartOf":{"@id":"https:\/\/hmtm.de\/en\/exchange-programme-with-the-instituto-superior-de-arte-in-cuba\/"},"author":{"name":"Nadine Gerold","@id":"https:\/\/hmtm.de\/#\/schema\/person\/49738781f875d62373e582f929b80d7b"},"headline":"Exchange programme with the Instituto Superior de Arte in Cuba","datePublished":"2025-03-21T13:04:04+00:00","dateModified":"2025-04-02T10:16:06+00:00","mainEntityOfPage":{"@id":"https:\/\/hmtm.de\/en\/exchange-programme-with-the-instituto-superior-de-arte-in-cuba\/"},"wordCount":10,"publisher":{"@id":"https:\/\/hmtm.de\/#organization"},"image":{"@id":"https:\/\/hmtm.de\/en\/exchange-programme-with-the-instituto-superior-de-arte-in-cuba\/#primaryimage"},"thumbnailUrl":"https:\/\/hmtm.de\/wp-content\/uploads\/bilder\/meldungen\/MuO-mit-Kuba_ISA-4_c_Mayra-Sanchez.jpeg","articleSection":["About us"],"inLanguage":"en-GB"},{"@type":"WebPage","@id":"https:\/\/hmtm.de\/en\/exchange-programme-with-the-instituto-superior-de-arte-in-cuba\/","url":"https:\/\/hmtm.de\/en\/exchange-programme-with-the-instituto-superior-de-arte-in-cuba\/","name":"Exchange programme with the Instituto Superior de Arte in Cuba - HMTM","isPartOf":{"@id":"https:\/\/hmtm.de\/#website"},"primaryImageOfPage":{"@id":"https:\/\/hmtm.de\/en\/exchange-programme-with-the-instituto-superior-de-arte-in-cuba\/#primaryimage"},"image":{"@id":"https:\/\/hmtm.de\/en\/exchange-programme-with-the-instituto-superior-de-arte-in-cuba\/#primaryimage"},"thumbnailUrl":"https:\/\/hmtm.de\/wp-content\/uploads\/bilder\/meldungen\/MuO-mit-Kuba_ISA-4_c_Mayra-Sanchez.jpeg","datePublished":"2025-03-21T13:04:04+00:00","dateModified":"2025-04-02T10:16:06+00:00","breadcrumb":{"@id":"https:\/\/hmtm.de\/en\/exchange-programme-with-the-instituto-superior-de-arte-in-cuba\/#breadcrumb"},"inLanguage":"en-GB","potentialAction":[{"@type":"ReadAction","target":["https:\/\/hmtm.de\/en\/exchange-programme-with-the-instituto-superior-de-arte-in-cuba\/"]}]},{"@type":"ImageObject","inLanguage":"en-GB","@id":"https:\/\/hmtm.de\/en\/exchange-programme-with-the-instituto-superior-de-arte-in-cuba\/#primaryimage","url":"https:\/\/hmtm.de\/wp-content\/uploads\/bilder\/meldungen\/MuO-mit-Kuba_ISA-4_c_Mayra-Sanchez.jpeg","contentUrl":"https:\/\/hmtm.de\/wp-content\/uploads\/bilder\/meldungen\/MuO-mit-Kuba_ISA-4_c_Mayra-Sanchez.jpeg","width":975,"height":650,"caption":"Foto: Mayra Sanchez"},{"@type":"BreadcrumbList","@id":"https:\/\/hmtm.de\/en\/exchange-programme-with-the-instituto-superior-de-arte-in-cuba\/#breadcrumb","itemListElement":[{"@type":"ListItem","position":1,"name":"Startseite","item":"https:\/\/hmtm.de\/en\/"},{"@type":"ListItem","position":2,"name":"Exchange programme with the Instituto Superior de Arte in Cuba"}]},{"@type":"WebSite","@id":"https:\/\/hmtm.de\/#website","url":"https:\/\/hmtm.de\/","name":"HMTM","description":"Hochschule f\u00fcr Musik und Theater M\u00fcnchen","publisher":{"@id":"https:\/\/hmtm.de\/#organization"},"potentialAction":[{"@type":"SearchAction","target":{"@type":"EntryPoint","urlTemplate":"https:\/\/hmtm.de\/?s={search_term_string}"},"query-input":{"@type":"PropertyValueSpecification","valueRequired":true,"valueName":"search_term_string"}}],"inLanguage":"en-GB"},{"@type":"Organization","@id":"https:\/\/hmtm.de\/#organization","name":"Hochschule f\u00fcr Musik und Theater M\u00fcnchen","url":"https:\/\/hmtm.de\/","logo":{"@type":"ImageObject","inLanguage":"en-GB","@id":"https:\/\/hmtm.de\/#\/schema\/logo\/image\/","url":"https:\/\/hmtm.de\/wp-content\/uploads\/logos\/hmtm_logo.svg","contentUrl":"https:\/\/hmtm.de\/wp-content\/uploads\/logos\/hmtm_logo.svg","caption":"Hochschule f\u00fcr Musik und Theater M\u00fcnchen"},"image":{"@id":"https:\/\/hmtm.de\/#\/schema\/logo\/image\/"},"sameAs":["https:\/\/www.facebook.com\/Hochschule-fr-Musik-und-Theater-Mnchen-310270902396373\/","https:\/\/www.youtube.com\/channel\/UCruQL0dtip2Y6-x9XM8S_cA\/","https:\/\/de.linkedin.com\/school\/hochschule-f-r-musik-und-theater-m-nchen\/","https:\/\/www.xing.com\/pages\/hochschulefuermusikundtheatermuenchen","https:\/\/www.instagram.com\/hmtm_offiziell\/"]},{"@type":"Person","@id":"https:\/\/hmtm.de\/#\/schema\/person\/49738781f875d62373e582f929b80d7b","name":"Nadine Gerold"}]}},"_links":{"self":[{"href":"https:\/\/hmtm.de\/en\/wp-json\/wp\/v2\/posts\/43895","targetHints":{"allow":["GET"]}}],"collection":[{"href":"https:\/\/hmtm.de\/en\/wp-json\/wp\/v2\/posts"}],"about":[{"href":"https:\/\/hmtm.de\/en\/wp-json\/wp\/v2\/types\/post"}],"author":[{"embeddable":true,"href":"https:\/\/hmtm.de\/en\/wp-json\/wp\/v2\/users\/19"}],"replies":[{"embeddable":true,"href":"https:\/\/hmtm.de\/en\/wp-json\/wp\/v2\/comments?post=43895"}],"version-history":[{"count":4,"href":"https:\/\/hmtm.de\/en\/wp-json\/wp\/v2\/posts\/43895\/revisions"}],"predecessor-version":[{"id":43929,"href":"https:\/\/hmtm.de\/en\/wp-json\/wp\/v2\/posts\/43895\/revisions\/43929"}],"wp:featuredmedia":[{"embeddable":true,"href":"https:\/\/hmtm.de\/en\/wp-json\/wp\/v2\/media\/43675"}],"wp:attachment":[{"href":"https:\/\/hmtm.de\/en\/wp-json\/wp\/v2\/media?parent=43895"}],"wp:term":[{"taxonomy":"category","embeddable":true,"href":"https:\/\/hmtm.de\/en\/wp-json\/wp\/v2\/categories?post=43895"},{"taxonomy":"post_tag","embeddable":true,"href":"https:\/\/hmtm.de\/en\/wp-json\/wp\/v2\/tags?post=43895"}],"curies":[{"name":"wp","href":"https:\/\/api.w.org\/{rel}","templated":true}]}}